{"id":8344,"date":"2014-04-28T15:20:06","date_gmt":"2014-04-28T13:20:06","guid":{"rendered":"http:\/\/blog.die-aktive.de\/?p=8344"},"modified":"2014-04-28T15:23:08","modified_gmt":"2014-04-28T13:23:08","slug":"infostaende","status":"publish","type":"post","link":"http:\/\/blog.die-aktive.de\/?p=8344","title":{"rendered":"Infost\u00e4nde"},"content":{"rendered":"<p>Seit Karsamstag werden wir jedes Wochenende mit unseren Infost\u00e4nden im Stadtgebiet unterwegs sein. In den Ortsteilen Kleinenbroich, Korschenbroich und Glehn k\u00f6nnen Sie uns ansprechen und mit uns diskutieren.<\/p>\n<p>Der voraussichtliche Terminplan:<\/p>\n<p>9.04.2014 Kleinenbroich &#8211; Parkplatz Trinkgut<\/p>\n<p>26.04.2014 Korschenbroich Edeka<\/p>\n<p>26.04.2014 Kleinenbroich &#8211; Auf den Kempen<\/p>\n<p>03.05.2014 Glehn &#8211; Busch<\/p>\n<p>10.05.2014 Kleinenbroich<\/p>\n<p>17.05.2014<\/p>\n<p>24.05.2014 Glehn -Busch \/ Korschenbroich \/ Kleinenbroich<\/p>\n<p><img decoding=\"async\" loading=\"lazy\" class=\"size-medium wp-image-8343 alignleft\" alt=\"2014_04_26_Stand_Kleinenbroich\" src=\"http:\/\/blog.die-aktive.de\/wp-content\/uploads\/2014\/04\/image-300x225.jpeg\" width=\"300\" height=\"225\" srcset=\"http:\/\/blog.die-aktive.de\/wp-content\/uploads\/2014\/04\/image-300x225.jpeg 300w, http:\/\/blog.die-aktive.de\/wp-content\/uploads\/2014\/04\/image-1024x768.jpeg 1024w, http:\/\/blog.die-aktive.de\/wp-content\/uploads\/2014\/04\/image-400x300.jpeg 400w, http:\/\/blog.die-aktive.de\/wp-content\/uploads\/2014\/04\/image.jpeg 1632w\" sizes=\"(max-width: 300px) 100vw, 300px\" \/><\/p>\n","protected":false},"excerpt":{"rendered":"<p>Seit Karsamstag werden wir jedes Wochenende mit unseren Infost\u00e4nden im Stadtgebiet unterwegs sein. In den Ortsteilen Kleinenbroich, Korschenbroich und Glehn k\u00f6nnen Sie uns ansprechen und mit uns diskutieren. Der voraussichtliche Terminplan: 9.04.2014 Kleinenbroich &#8211; Parkplatz Trinkgut 26.04.2014 Korschenbroich Edeka 26.04.2014 &hellip; <a href=\"http:\/\/blog.die-aktive.de\/?p=8344\">Weiterlesen <span class=\"meta-nav\">&rarr;<\/span><\/a><\/p>\n","protected":false},"author":6,"featured_media":0,"comment_status":"closed","ping_status":"closed","sticky":false,"template":"","format":"standard","meta":[],"categories":[71],"tags":[90],"_links":{"self":[{"href":"http:\/\/blog.die-aktive.de\/index.php?rest_route=\/wp\/v2\/posts\/8344"}],"collection":[{"href":"http:\/\/blog.die-aktive.de\/index.php?rest_route=\/wp\/v2\/posts"}],"about":[{"href":"http:\/\/blog.die-aktive.de\/index.php?rest_route=\/wp\/v2\/types\/post"}],"author":[{"embeddable":true,"href":"http:\/\/blog.die-aktive.de\/index.php?rest_route=\/wp\/v2\/users\/6"}],"replies":[{"embeddable":true,"href":"http:\/\/blog.die-aktive.de\/index.php?rest_route=%2Fwp%2Fv2%2Fcomments&post=8344"}],"version-history":[{"count":4,"href":"http:\/\/blog.die-aktive.de\/index.php?rest_route=\/wp\/v2\/posts\/8344\/revisions"}],"predecessor-version":[{"id":8348,"href":"http:\/\/blog.die-aktive.de\/index.php?rest_route=\/wp\/v2\/posts\/8344\/revisions\/8348"}],"wp:attachment":[{"href":"http:\/\/blog.die-aktive.de\/index.php?rest_route=%2Fwp%2Fv2%2Fmedia&parent=8344"}],"wp:term":[{"taxonomy":"category","embeddable":true,"href":"http:\/\/blog.die-aktive.de\/index.php?rest_route=%2Fwp%2Fv2%2Fcategories&post=8344"},{"taxonomy":"post_tag","embeddable":true,"href":"http:\/\/blog.die-aktive.de\/index.php?rest_route=%2Fwp%2Fv2%2Ftags&post=8344"}],"curies":[{"name":"wp","href":"https:\/\/api.w.org\/{rel}","templated":true}]}}