{"id":20724,"date":"2021-06-07T14:44:36","date_gmt":"2021-06-07T12:44:36","guid":{"rendered":"http:\/\/blog.die-aktive.de\/?p=20724"},"modified":"2021-06-07T14:44:36","modified_gmt":"2021-06-07T12:44:36","slug":"anfrage-fuer-die-sitzung-des-umweltausschusses-am-17-juni-2021","status":"publish","type":"post","link":"http:\/\/blog.die-aktive.de\/?p=20724","title":{"rendered":"Anfrage f\u00fcr die Sitzung des Umweltausschusses am 17. Juni 2021"},"content":{"rendered":"\n<p>F\u00fcr die Fortf\u00fchrung der Grundwasservertr\u00e4ge \u00fcber das Jahr 2021 hinaus sind bekanntlich alle Grundst\u00fcckseigent\u00fcmer*innen in den Ortsteilen Herrenshoff, Raderbroich, Pesch und Kleinenbroich angeschrieben worden.<br>Dar\u00fcber hinaus wurden alle \u00fcbrigen Grundst\u00fcckseingent\u00fcmer*innen in Hinblick auf eine freiwillige Beteiligung (25 EUR\/Jahr) angeschrieben. Die R\u00fcckmeldefrist ist in beiden F\u00e4llen der 31. Mai.<\/p>\n\n\n\n<p>Da der R\u00fcckmeldetermin am Tag der Sitzung bereits seit zwei Wochen abgelaufen sein wird, bittet die <strong><em>Aktive<\/em><\/strong> um einen aktuellen und detaillierten Sachstand hinsichtlich der unterschriebenen Vertr\u00e4ge und der freiwilligen Beteiligungen.<br>Ferner bittet die <strong><em>Aktive<\/em><\/strong> um eine Darstellung des weiter geplanten Vorgehens, auch f\u00fcr den Fall, dass keine ausreichende Beteiligung aus der B\u00fcrgerschaft zu Stande kommen sollte.<\/p>\n","protected":false},"excerpt":{"rendered":"<p>F\u00fcr die Fortf\u00fchrung der Grundwasservertr\u00e4ge \u00fcber das Jahr 2021 hinaus sind bekanntlich alle Grundst\u00fcckseigent\u00fcmer*innen in den Ortsteilen Herrenshoff, Raderbroich, Pesch und Kleinenbroich angeschrieben worden.Dar\u00fcber hinaus wurden alle \u00fcbrigen Grundst\u00fcckseingent\u00fcmer*innen in Hinblick auf eine freiwillige Beteiligung (25 EUR\/Jahr) angeschrieben. Die R\u00fcckmeldefrist &hellip; <a href=\"http:\/\/blog.die-aktive.de\/?p=20724\">Weiterlesen <span class=\"meta-nav\">&rarr;<\/span><\/a><\/p>\n","protected":false},"author":6,"featured_media":0,"comment_status":"closed","ping_status":"closed","sticky":false,"template":"","format":"standard","meta":[],"categories":[16,1,46],"tags":[],"_links":{"self":[{"href":"http:\/\/blog.die-aktive.de\/index.php?rest_route=\/wp\/v2\/posts\/20724"}],"collection":[{"href":"http:\/\/blog.die-aktive.de\/index.php?rest_route=\/wp\/v2\/posts"}],"about":[{"href":"http:\/\/blog.die-aktive.de\/index.php?rest_route=\/wp\/v2\/types\/post"}],"author":[{"embeddable":true,"href":"http:\/\/blog.die-aktive.de\/index.php?rest_route=\/wp\/v2\/users\/6"}],"replies":[{"embeddable":true,"href":"http:\/\/blog.die-aktive.de\/index.php?rest_route=%2Fwp%2Fv2%2Fcomments&post=20724"}],"version-history":[{"count":1,"href":"http:\/\/blog.die-aktive.de\/index.php?rest_route=\/wp\/v2\/posts\/20724\/revisions"}],"predecessor-version":[{"id":20725,"href":"http:\/\/blog.die-aktive.de\/index.php?rest_route=\/wp\/v2\/posts\/20724\/revisions\/20725"}],"wp:attachment":[{"href":"http:\/\/blog.die-aktive.de\/index.php?rest_route=%2Fwp%2Fv2%2Fmedia&parent=20724"}],"wp:term":[{"taxonomy":"category","embeddable":true,"href":"http:\/\/blog.die-aktive.de\/index.php?rest_route=%2Fwp%2Fv2%2Fcategories&post=20724"},{"taxonomy":"post_tag","embeddable":true,"href":"http:\/\/blog.die-aktive.de\/index.php?rest_route=%2Fwp%2Fv2%2Ftags&post=20724"}],"curies":[{"name":"wp","href":"https:\/\/api.w.org\/{rel}","templated":true}]}}