{"id":20649,"date":"2020-09-24T10:07:19","date_gmt":"2020-09-24T08:07:19","guid":{"rendered":"http:\/\/blog.die-aktive.de\/?p=20649"},"modified":"2020-09-24T10:07:19","modified_gmt":"2020-09-24T08:07:19","slug":"das-ergebnis-der-kommunalwahl-2020","status":"publish","type":"post","link":"http:\/\/blog.die-aktive.de\/?p=20649","title":{"rendered":"Das Ergebnis der Kommunalwahl 2020"},"content":{"rendered":"\n<p>Es hilft kein &#8222;Sch\u00f6nreden&#8220;. Die Aktive hat ein desastr\u00f6ses Ergebnis eingefahren.<\/p>\n\n\n\n<p>Mit dem Verlust von 3 Mandaten auf nur noch 2 Sitze im Stadtrat hat wohl niemand gerechnet.<\/p>\n\n\n\n<p>Warum die Wahl der B\u00fcrger\/innen so ausfiel, geht es jetzt zu analysieren.<\/p>\n\n\n\n<ul><li>Warum wurde die Aktive B\u00fcrger Gemeinschaft in den letzten 5 Jahren so wenig wahrgenommen?<\/li><li>Ist f\u00fcr die B\u00fcrger das Grundwasserproblem nicht mehr existent?<\/li><li>Hat die &#8222;GroKo&#8220; von Korschenbroich wirklich so gute Arbeit geleistet?<\/li><\/ul>\n\n\n\n<p>Es gibt dar\u00fcberhinaus noch viele weitere Fragen, die er\u00f6rtert werden m\u00fcssen.<\/p>\n\n\n\n<p>Aber &#8211; WIR k\u00e4mpfen weiter! WIR m\u00fcssen wieder aktiver, aber vor allem lauter in den Aussch\u00fcssen und dem Rat auftreten.<\/p>\n\n\n\n<p>Deshalb hei\u00dft es f\u00fcr Die Aktive: &#8222;Aufstehen, Staub absch\u00fctteln, R\u00fcckgrat richten, Kopf hoch und los geht\u00b4s !&#8220;<\/p>\n\n\n\n<p>Aber wir brauchen nat\u00fcrlich auch Unterst\u00fctzung aus der B\u00fcrgerschaft und nat\u00fcrlich IHRE\u00a0 !<\/p>\n\n\n\n<figure class=\"wp-block-image size-large\"><img decoding=\"async\" loading=\"lazy\" width=\"1024\" height=\"683\" src=\"http:\/\/blog.die-aktive.de\/wp-content\/uploads\/2020\/09\/Stadt-Korschenbroich-Gesamtergebnis-1-1024x683.jpeg\" alt=\"\" class=\"wp-image-20648\" srcset=\"http:\/\/blog.die-aktive.de\/wp-content\/uploads\/2020\/09\/Stadt-Korschenbroich-Gesamtergebnis-1-1024x683.jpeg 1024w, http:\/\/blog.die-aktive.de\/wp-content\/uploads\/2020\/09\/Stadt-Korschenbroich-Gesamtergebnis-1-300x200.jpeg 300w, http:\/\/blog.die-aktive.de\/wp-content\/uploads\/2020\/09\/Stadt-Korschenbroich-Gesamtergebnis-1-768x512.jpeg 768w, http:\/\/blog.die-aktive.de\/wp-content\/uploads\/2020\/09\/Stadt-Korschenbroich-Gesamtergebnis-1-450x300.jpeg 450w, http:\/\/blog.die-aktive.de\/wp-content\/uploads\/2020\/09\/Stadt-Korschenbroich-Gesamtergebnis-1.jpeg 1200w\" sizes=\"(max-width: 1024px) 100vw, 1024px\" \/><\/figure>\n\n\n\n<figure class=\"wp-block-image size-large\"><img decoding=\"async\" loading=\"lazy\" width=\"1024\" height=\"512\" src=\"http:\/\/blog.die-aktive.de\/wp-content\/uploads\/2020\/09\/chart-1024x512.jpeg\" alt=\"\" class=\"wp-image-20647\" srcset=\"http:\/\/blog.die-aktive.de\/wp-content\/uploads\/2020\/09\/chart-1024x512.jpeg 1024w, http:\/\/blog.die-aktive.de\/wp-content\/uploads\/2020\/09\/chart-300x150.jpeg 300w, http:\/\/blog.die-aktive.de\/wp-content\/uploads\/2020\/09\/chart-768x384.jpeg 768w, http:\/\/blog.die-aktive.de\/wp-content\/uploads\/2020\/09\/chart-500x250.jpeg 500w, http:\/\/blog.die-aktive.de\/wp-content\/uploads\/2020\/09\/chart.jpeg 1200w\" sizes=\"(max-width: 1024px) 100vw, 1024px\" \/><\/figure>\n","protected":false},"excerpt":{"rendered":"<p>Es hilft kein &#8222;Sch\u00f6nreden&#8220;. Die Aktive hat ein desastr\u00f6ses Ergebnis eingefahren. Mit dem Verlust von 3 Mandaten auf nur noch 2 Sitze im Stadtrat hat wohl niemand gerechnet. Warum die Wahl der B\u00fcrger\/innen so ausfiel, geht es jetzt zu analysieren. &hellip; <a href=\"http:\/\/blog.die-aktive.de\/?p=20649\">Weiterlesen <span class=\"meta-nav\">&rarr;<\/span><\/a><\/p>\n","protected":false},"author":6,"featured_media":0,"comment_status":"closed","ping_status":"closed","sticky":false,"template":"","format":"standard","meta":[],"categories":[94],"tags":[],"_links":{"self":[{"href":"http:\/\/blog.die-aktive.de\/index.php?rest_route=\/wp\/v2\/posts\/20649"}],"collection":[{"href":"http:\/\/blog.die-aktive.de\/index.php?rest_route=\/wp\/v2\/posts"}],"about":[{"href":"http:\/\/blog.die-aktive.de\/index.php?rest_route=\/wp\/v2\/types\/post"}],"author":[{"embeddable":true,"href":"http:\/\/blog.die-aktive.de\/index.php?rest_route=\/wp\/v2\/users\/6"}],"replies":[{"embeddable":true,"href":"http:\/\/blog.die-aktive.de\/index.php?rest_route=%2Fwp%2Fv2%2Fcomments&post=20649"}],"version-history":[{"count":1,"href":"http:\/\/blog.die-aktive.de\/index.php?rest_route=\/wp\/v2\/posts\/20649\/revisions"}],"predecessor-version":[{"id":20650,"href":"http:\/\/blog.die-aktive.de\/index.php?rest_route=\/wp\/v2\/posts\/20649\/revisions\/20650"}],"wp:attachment":[{"href":"http:\/\/blog.die-aktive.de\/index.php?rest_route=%2Fwp%2Fv2%2Fmedia&parent=20649"}],"wp:term":[{"taxonomy":"category","embeddable":true,"href":"http:\/\/blog.die-aktive.de\/index.php?rest_route=%2Fwp%2Fv2%2Fcategories&post=20649"},{"taxonomy":"post_tag","embeddable":true,"href":"http:\/\/blog.die-aktive.de\/index.php?rest_route=%2Fwp%2Fv2%2Ftags&post=20649"}],"curies":[{"name":"wp","href":"https:\/\/api.w.org\/{rel}","templated":true}]}}