{"id":20642,"date":"2020-09-11T12:01:48","date_gmt":"2020-09-11T10:01:48","guid":{"rendered":"http:\/\/blog.die-aktive.de\/?p=20642"},"modified":"2020-09-11T12:01:48","modified_gmt":"2020-09-11T10:01:48","slug":"wahlkampf-oder-wahlverhinderung","status":"publish","type":"post","link":"http:\/\/blog.die-aktive.de\/?p=20642","title":{"rendered":"Wahlkampf oder Wahlverhinderung?"},"content":{"rendered":"\n<p>Die Aktive B\u00fcrger Gemeinschaft hatte 4 Standorte f\u00fcr Gro\u00dfplakate \u00fcber private Anbieter bzw. Vermittler fr\u00fchzeitig f\u00fcr je 2 zwei Wochen gebucht. Kurzfristig wurden diese jedoch abgesagt, da die Standort-Eigent\u00fcmer keine Wahlwerbung zulassen \u2013 obwohl die Zusage Monate vorher bereits abgefragt und best\u00e4tigt wurde. Eine Alternative konnte oder wollte man nicht anbieten.<\/p>\n\n\n\n<p>Ein anderer Standort wurde an einem \u201efalschen Standort\u201c plakatiert und dann eine Woche vor der Wahl \u00fcberplakatiert. Der Anbieter antwortete \u00fcber eine Woche nicht auf die widerholten Reklamationen.<\/p>\n\n\n\n<p>Nat\u00fcrlich fiel dies nur auf, weil Die Aktive die Standorte kontrolliert und immer wieder nachgefragt hat. Nun fragt man sich, wie viele Wirtschaftsunternehmen buchen Gro\u00dfplakate und bekommen keine Leistung, nur weil sie gar nicht bemerken, dass ihre gebuchten Standorte gar nicht plakatiert wurden. Nicht jedes Unternehmen (Bucher) hat die Kapazit\u00e4t jeden gebuchten Standort zu kontrollieren.<\/p>\n\n\n\n<p>Die Kosten f\u00fcr die gebuchten Standorte werden der Aktiven B\u00fcrger Gemeinschaft zwar erstattet, nichtsdestotrotz ist der eigentliche Sinn und Zweck f\u00fcr die Buchungen nat\u00fcrlich nicht mehr gegeben.<\/p>\n\n\n\n<p>Ein Schelm, der B\u00f6ses dabei denkt.<\/p>\n","protected":false},"excerpt":{"rendered":"<p>Die Aktive B\u00fcrger Gemeinschaft hatte 4 Standorte f\u00fcr Gro\u00dfplakate \u00fcber private Anbieter bzw. Vermittler fr\u00fchzeitig f\u00fcr je 2 zwei Wochen gebucht. Kurzfristig wurden diese jedoch abgesagt, da die Standort-Eigent\u00fcmer keine Wahlwerbung zulassen \u2013 obwohl die Zusage Monate vorher bereits abgefragt &hellip; <a href=\"http:\/\/blog.die-aktive.de\/?p=20642\">Weiterlesen <span class=\"meta-nav\">&rarr;<\/span><\/a><\/p>\n","protected":false},"author":6,"featured_media":0,"comment_status":"closed","ping_status":"closed","sticky":false,"template":"","format":"standard","meta":[],"categories":[94],"tags":[],"_links":{"self":[{"href":"http:\/\/blog.die-aktive.de\/index.php?rest_route=\/wp\/v2\/posts\/20642"}],"collection":[{"href":"http:\/\/blog.die-aktive.de\/index.php?rest_route=\/wp\/v2\/posts"}],"about":[{"href":"http:\/\/blog.die-aktive.de\/index.php?rest_route=\/wp\/v2\/types\/post"}],"author":[{"embeddable":true,"href":"http:\/\/blog.die-aktive.de\/index.php?rest_route=\/wp\/v2\/users\/6"}],"replies":[{"embeddable":true,"href":"http:\/\/blog.die-aktive.de\/index.php?rest_route=%2Fwp%2Fv2%2Fcomments&post=20642"}],"version-history":[{"count":1,"href":"http:\/\/blog.die-aktive.de\/index.php?rest_route=\/wp\/v2\/posts\/20642\/revisions"}],"predecessor-version":[{"id":20643,"href":"http:\/\/blog.die-aktive.de\/index.php?rest_route=\/wp\/v2\/posts\/20642\/revisions\/20643"}],"wp:attachment":[{"href":"http:\/\/blog.die-aktive.de\/index.php?rest_route=%2Fwp%2Fv2%2Fmedia&parent=20642"}],"wp:term":[{"taxonomy":"category","embeddable":true,"href":"http:\/\/blog.die-aktive.de\/index.php?rest_route=%2Fwp%2Fv2%2Fcategories&post=20642"},{"taxonomy":"post_tag","embeddable":true,"href":"http:\/\/blog.die-aktive.de\/index.php?rest_route=%2Fwp%2Fv2%2Ftags&post=20642"}],"curies":[{"name":"wp","href":"https:\/\/api.w.org\/{rel}","templated":true}]}}