{"id":20349,"date":"2018-09-13T14:14:34","date_gmt":"2018-09-13T12:14:34","guid":{"rendered":"http:\/\/blog.die-aktive.de\/?p=20349"},"modified":"2018-09-13T14:18:04","modified_gmt":"2018-09-13T12:18:04","slug":"die-akitve-laedt-zur-diesjaehrigen-mitgliederversammlung","status":"publish","type":"post","link":"http:\/\/blog.die-aktive.de\/?p=20349","title":{"rendered":"Die Akitve l\u00e4dt zur diesj\u00e4hrigen Mitgliederversammlung"},"content":{"rendered":"<p>Der Vorstand der W\u00e4hlergemeinschaft <em><strong>Die Aktive<\/strong><\/em> l\u00e4dt ihre Mitglieder herzlich zu der diesj\u00e4hrigen Mitgliederversammlung<\/p>\n<p><strong>am Freitag, den 12. Oktober 2018 um 18:00 Uhr<\/strong><br \/>\n<strong>in die Gesch\u00e4ftsstelle in der Hannengasse 17, 41352 Korschenbroich ein.<\/strong><\/p>\n<p>Der Vorstand bittet alle Mitglieder, <em><strong>Die Aktive<\/strong><\/em> durch ihre Anwesenheit und Teilnahme zu unterst\u00fctzen.<br \/>\nDie Versammlung ist beschlussf\u00e4hig, wenn mindestens 10 v. H. der Mitglieder anwesend sind.<br \/>\n<strong>Ab 19:00 Uhr wird Herr Onkelbach, Beigeordneter der Stadt Korschenbroich \u00fcber das Thema &#8222;Sanierung Unterf\u00fchrung Holzkamp, Kleinenbroich&#8220; informieren.<\/strong><br \/>\nIm Anschluss l\u00e4dt <em><strong>Die Aktive<\/strong><\/em> zu einem kleinen Imbiss ein.<br \/>\nAus organisatorischen Gr\u00fcnden bitten wir um Zu-. bzw. Absage bis zum 05.10.2018 per E-Mail (info@die-aktive.de) oder Telefon (02161 670044 Rolf Schmier)<\/p>\n<p>Tagesordnung:<!--more--><br \/>\n01. Begr\u00fc\u00dfung und Feststellung der form- und fristgerechten Einladung, Best\u00e4tigung der Tagesordnung.<\/p>\n<p>02. Wahl des Schriftf\u00fchrers f\u00fcr die Mitgliederversammlung.<\/p>\n<p>03. Bericht der Vorsitzenden und Ausprache.<\/p>\n<p>04. Bericht der Schatzmeisterein und Ausprache.<\/p>\n<p>05. Bericht der Kassenpr\u00fcfer.<\/p>\n<p>06. Entlastung des Vorstandes.<\/p>\n<p>07. Wahl einer Stimmz\u00e4hlkommission<\/p>\n<p>08. Wahl des Vorstandes*<br \/>\nWahl einer oder eines Vorsitzenden<br \/>\nWahl einer oder eines stellvertretenden Vorsitzenden<br \/>\nWahl eines Schatzmeisters oder einer Schatzmeisterin<br \/>\nWahl eines Schriftf\u00fchrers oder Schroftf\u00fchrerin<br \/>\nWahl von Beisitzerinnen oder Beisitzern<\/p>\n<p>09.Wahl einer\/s Kassenpr\u00fcferin oder &#8211; pr\u00fcfers.**<\/p>\n<p>10. Verschiedenes<\/p>\n<p>*Der Vorstand kann auch in einem Wahlgang gew\u00e4hlt werden, falls nur ein Wahlvorschlag vorliegt.<br \/>\n**Die\/der Kassenpr\u00fcfer werden jeweils auf 2 Jahre gew\u00e4hlt.<\/p>\n","protected":false},"excerpt":{"rendered":"<p>Der Vorstand der W\u00e4hlergemeinschaft Die Aktive l\u00e4dt ihre Mitglieder herzlich zu der diesj\u00e4hrigen Mitgliederversammlung am Freitag, den 12. Oktober 2018 um 18:00 Uhr in die Gesch\u00e4ftsstelle in der Hannengasse 17, 41352 Korschenbroich ein. Der Vorstand bittet alle Mitglieder, Die Aktive &hellip; <a href=\"http:\/\/blog.die-aktive.de\/?p=20349\">Weiterlesen <span class=\"meta-nav\">&rarr;<\/span><\/a><\/p>\n","protected":false},"author":6,"featured_media":0,"comment_status":"closed","ping_status":"closed","sticky":false,"template":"","format":"standard","meta":[],"categories":[48],"tags":[62],"_links":{"self":[{"href":"http:\/\/blog.die-aktive.de\/index.php?rest_route=\/wp\/v2\/posts\/20349"}],"collection":[{"href":"http:\/\/blog.die-aktive.de\/index.php?rest_route=\/wp\/v2\/posts"}],"about":[{"href":"http:\/\/blog.die-aktive.de\/index.php?rest_route=\/wp\/v2\/types\/post"}],"author":[{"embeddable":true,"href":"http:\/\/blog.die-aktive.de\/index.php?rest_route=\/wp\/v2\/users\/6"}],"replies":[{"embeddable":true,"href":"http:\/\/blog.die-aktive.de\/index.php?rest_route=%2Fwp%2Fv2%2Fcomments&post=20349"}],"version-history":[{"count":3,"href":"http:\/\/blog.die-aktive.de\/index.php?rest_route=\/wp\/v2\/posts\/20349\/revisions"}],"predecessor-version":[{"id":20352,"href":"http:\/\/blog.die-aktive.de\/index.php?rest_route=\/wp\/v2\/posts\/20349\/revisions\/20352"}],"wp:attachment":[{"href":"http:\/\/blog.die-aktive.de\/index.php?rest_route=%2Fwp%2Fv2%2Fmedia&parent=20349"}],"wp:term":[{"taxonomy":"category","embeddable":true,"href":"http:\/\/blog.die-aktive.de\/index.php?rest_route=%2Fwp%2Fv2%2Fcategories&post=20349"},{"taxonomy":"post_tag","embeddable":true,"href":"http:\/\/blog.die-aktive.de\/index.php?rest_route=%2Fwp%2Fv2%2Ftags&post=20349"}],"curies":[{"name":"wp","href":"https:\/\/api.w.org\/{rel}","templated":true}]}}