{"id":18319,"date":"2015-12-20T12:52:00","date_gmt":"2015-12-20T11:52:00","guid":{"rendered":"http:\/\/blog.die-aktive.de\/?p=18319"},"modified":"2015-12-20T12:52:36","modified_gmt":"2015-12-20T11:52:36","slug":"weihnachtsaktion-der-tafel","status":"publish","type":"post","link":"http:\/\/blog.die-aktive.de\/?p=18319","title":{"rendered":"Weihnachtsaktion der Tafel"},"content":{"rendered":"<p class=\"alignleft\" style=\"text-align: left;\">Die Zweigstelle der Neusser Tafel in Kleinenbroich gibt am kommenden Dienstag, 22.12., Weihnachtsp\u00e4ckchen an Bed\u00fcrftige aus, die von Korschenbroicher B\u00fcrgerInnen gespendet wurden.<br \/>\nEs kamen \u00fcber 300 P\u00e4ckchen zusammen, liebevoll best\u00fcckt und verpackt. Es ist \u00fcberw\u00e4ltigend und beeindruckend, wie gro\u00df die Hilfsbereitschaft in der Bev\u00f6lkerung ist.<br \/>\nEin ganz gro\u00dfes Dankesch\u00f6n an alle Spender!<br \/>\nIhnen allen ein gesegnetes Weihnachtsfest!<br \/>\n<img decoding=\"async\" loading=\"lazy\" class=\"size-medium wp-image-18318 alignnone\" src=\"http:\/\/blog.die-aktive.de\/wp-content\/uploads\/2015\/12\/IMG_4756-300x225.jpg\" alt=\"2015_12_20_Weihnachtsaktion-Tafel.4\" width=\"300\" height=\"225\" srcset=\"http:\/\/blog.die-aktive.de\/wp-content\/uploads\/2015\/12\/IMG_4756-300x225.jpg 300w, http:\/\/blog.die-aktive.de\/wp-content\/uploads\/2015\/12\/IMG_4756-1024x768.jpg 1024w, http:\/\/blog.die-aktive.de\/wp-content\/uploads\/2015\/12\/IMG_4756-400x300.jpg 400w\" sizes=\"(max-width: 300px) 100vw, 300px\" \/><br \/>\n<img decoding=\"async\" loading=\"lazy\" class=\"size-medium wp-image-18315 alignnone\" src=\"http:\/\/blog.die-aktive.de\/wp-content\/uploads\/2015\/12\/IMG_4746-300x225.jpg\" alt=\"2015_12_20_Weihnachtsaktion-Tafel.1\" width=\"300\" height=\"225\" srcset=\"http:\/\/blog.die-aktive.de\/wp-content\/uploads\/2015\/12\/IMG_4746-300x225.jpg 300w, http:\/\/blog.die-aktive.de\/wp-content\/uploads\/2015\/12\/IMG_4746-1024x768.jpg 1024w, http:\/\/blog.die-aktive.de\/wp-content\/uploads\/2015\/12\/IMG_4746-400x300.jpg 400w\" sizes=\"(max-width: 300px) 100vw, 300px\" \/><img decoding=\"async\" loading=\"lazy\" class=\"alignleft size-medium wp-image-18317\" src=\"http:\/\/blog.die-aktive.de\/wp-content\/uploads\/2015\/12\/IMG_4754-197x300.jpg\" alt=\"2015_12_20_Weihnachtsaktion-Tafel.3\" width=\"197\" height=\"300\" srcset=\"http:\/\/blog.die-aktive.de\/wp-content\/uploads\/2015\/12\/IMG_4754-197x300.jpg 197w, http:\/\/blog.die-aktive.de\/wp-content\/uploads\/2015\/12\/IMG_4754-672x1024.jpg 672w\" sizes=\"(max-width: 197px) 100vw, 197px\" \/><a href=\"http:\/\/blog.die-aktive.de\/wp-content\/uploads\/2015\/12\/IMG_4752.jpg\"><img decoding=\"async\" loading=\"lazy\" class=\"size-medium wp-image-18316 alignnone\" src=\"http:\/\/blog.die-aktive.de\/wp-content\/uploads\/2015\/12\/IMG_4752-300x225.jpg\" alt=\"2015_12_20_Weihnachtsaktion-Tafel.2\" width=\"300\" height=\"225\" srcset=\"http:\/\/blog.die-aktive.de\/wp-content\/uploads\/2015\/12\/IMG_4752-300x225.jpg 300w, http:\/\/blog.die-aktive.de\/wp-content\/uploads\/2015\/12\/IMG_4752-1024x768.jpg 1024w, http:\/\/blog.die-aktive.de\/wp-content\/uploads\/2015\/12\/IMG_4752-400x300.jpg 400w\" sizes=\"(max-width: 300px) 100vw, 300px\" \/><\/a><\/p>\n","protected":false},"excerpt":{"rendered":"<p>Die Zweigstelle der Neusser Tafel in Kleinenbroich gibt am kommenden Dienstag, 22.12., Weihnachtsp\u00e4ckchen an Bed\u00fcrftige aus, die von Korschenbroicher B\u00fcrgerInnen gespendet wurden. Es kamen \u00fcber 300 P\u00e4ckchen zusammen, liebevoll best\u00fcckt und verpackt. Es ist \u00fcberw\u00e4ltigend und beeindruckend, wie gro\u00df die &hellip; <a href=\"http:\/\/blog.die-aktive.de\/?p=18319\">Weiterlesen <span class=\"meta-nav\">&rarr;<\/span><\/a><\/p>\n","protected":false},"author":6,"featured_media":0,"comment_status":"closed","ping_status":"closed","sticky":false,"template":"","format":"standard","meta":[],"categories":[53],"tags":[],"_links":{"self":[{"href":"http:\/\/blog.die-aktive.de\/index.php?rest_route=\/wp\/v2\/posts\/18319"}],"collection":[{"href":"http:\/\/blog.die-aktive.de\/index.php?rest_route=\/wp\/v2\/posts"}],"about":[{"href":"http:\/\/blog.die-aktive.de\/index.php?rest_route=\/wp\/v2\/types\/post"}],"author":[{"embeddable":true,"href":"http:\/\/blog.die-aktive.de\/index.php?rest_route=\/wp\/v2\/users\/6"}],"replies":[{"embeddable":true,"href":"http:\/\/blog.die-aktive.de\/index.php?rest_route=%2Fwp%2Fv2%2Fcomments&post=18319"}],"version-history":[{"count":1,"href":"http:\/\/blog.die-aktive.de\/index.php?rest_route=\/wp\/v2\/posts\/18319\/revisions"}],"predecessor-version":[{"id":18320,"href":"http:\/\/blog.die-aktive.de\/index.php?rest_route=\/wp\/v2\/posts\/18319\/revisions\/18320"}],"wp:attachment":[{"href":"http:\/\/blog.die-aktive.de\/index.php?rest_route=%2Fwp%2Fv2%2Fmedia&parent=18319"}],"wp:term":[{"taxonomy":"category","embeddable":true,"href":"http:\/\/blog.die-aktive.de\/index.php?rest_route=%2Fwp%2Fv2%2Fcategories&post=18319"},{"taxonomy":"post_tag","embeddable":true,"href":"http:\/\/blog.die-aktive.de\/index.php?rest_route=%2Fwp%2Fv2%2Ftags&post=18319"}],"curies":[{"name":"wp","href":"https:\/\/api.w.org\/{rel}","templated":true}]}}