{"id":13545,"date":"2015-03-10T16:40:07","date_gmt":"2015-03-10T15:40:07","guid":{"rendered":"http:\/\/blog.die-aktive.de\/?p=13545"},"modified":"2015-03-10T16:40:07","modified_gmt":"2015-03-10T15:40:07","slug":"schaukasten-in-pesch-wieder-repariert","status":"publish","type":"post","link":"http:\/\/blog.die-aktive.de\/?p=13545","title":{"rendered":"Schaukasten in Pesch wieder repariert"},"content":{"rendered":"<p>In der Nacht zu Altweiber wurde unser Schaukasten in Pesch mutwillig zerst\u00f6rt.<br \/>\nB\u00fcrgermeisterkandidat H.L. Endell hat nun gemeinsam mit Rolf Schmier den Kasten wieder repariert.<br \/>\nVielen Dank daf\u00fcr!<\/p>\n<p><img decoding=\"async\" loading=\"lazy\" class=\"alignnone wp-image-13546 size-medium\" src=\"http:\/\/blog.die-aktive.de\/wp-content\/uploads\/2015\/03\/20150307_103201-e1426001464374-169x300.jpg\" alt=\"2015_Schaukasten_Pesch_HL\" width=\"169\" height=\"300\" srcset=\"http:\/\/blog.die-aktive.de\/wp-content\/uploads\/2015\/03\/20150307_103201-e1426001464374-169x300.jpg 169w, http:\/\/blog.die-aktive.de\/wp-content\/uploads\/2015\/03\/20150307_103201-e1426001464374-576x1024.jpg 576w\" sizes=\"(max-width: 169px) 100vw, 169px\" \/><img decoding=\"async\" loading=\"lazy\" class=\"alignnone wp-image-13547 size-medium\" src=\"http:\/\/blog.die-aktive.de\/wp-content\/uploads\/2015\/03\/20150307_103105-Kopiert-e1426001531638-169x300.jpg\" alt=\"2015_Schaukasten_Pesch_2.HL\" width=\"169\" height=\"300\" srcset=\"http:\/\/blog.die-aktive.de\/wp-content\/uploads\/2015\/03\/20150307_103105-Kopiert-e1426001531638-169x300.jpg 169w, http:\/\/blog.die-aktive.de\/wp-content\/uploads\/2015\/03\/20150307_103105-Kopiert-e1426001531638-576x1024.jpg 576w\" sizes=\"(max-width: 169px) 100vw, 169px\" \/><\/p>\n","protected":false},"excerpt":{"rendered":"<p>In der Nacht zu Altweiber wurde unser Schaukasten in Pesch mutwillig zerst\u00f6rt. B\u00fcrgermeisterkandidat H.L. Endell hat nun gemeinsam mit Rolf Schmier den Kasten wieder repariert. Vielen Dank daf\u00fcr!<\/p>\n","protected":false},"author":6,"featured_media":0,"comment_status":"closed","ping_status":"closed","sticky":false,"template":"","format":"standard","meta":[],"categories":[49],"tags":[],"_links":{"self":[{"href":"http:\/\/blog.die-aktive.de\/index.php?rest_route=\/wp\/v2\/posts\/13545"}],"collection":[{"href":"http:\/\/blog.die-aktive.de\/index.php?rest_route=\/wp\/v2\/posts"}],"about":[{"href":"http:\/\/blog.die-aktive.de\/index.php?rest_route=\/wp\/v2\/types\/post"}],"author":[{"embeddable":true,"href":"http:\/\/blog.die-aktive.de\/index.php?rest_route=\/wp\/v2\/users\/6"}],"replies":[{"embeddable":true,"href":"http:\/\/blog.die-aktive.de\/index.php?rest_route=%2Fwp%2Fv2%2Fcomments&post=13545"}],"version-history":[{"count":4,"href":"http:\/\/blog.die-aktive.de\/index.php?rest_route=\/wp\/v2\/posts\/13545\/revisions"}],"predecessor-version":[{"id":13551,"href":"http:\/\/blog.die-aktive.de\/index.php?rest_route=\/wp\/v2\/posts\/13545\/revisions\/13551"}],"wp:attachment":[{"href":"http:\/\/blog.die-aktive.de\/index.php?rest_route=%2Fwp%2Fv2%2Fmedia&parent=13545"}],"wp:term":[{"taxonomy":"category","embeddable":true,"href":"http:\/\/blog.die-aktive.de\/index.php?rest_route=%2Fwp%2Fv2%2Fcategories&post=13545"},{"taxonomy":"post_tag","embeddable":true,"href":"http:\/\/blog.die-aktive.de\/index.php?rest_route=%2Fwp%2Fv2%2Ftags&post=13545"}],"curies":[{"name":"wp","href":"https:\/\/api.w.org\/{rel}","templated":true}]}}