{"id":11582,"date":"2014-11-12T20:06:27","date_gmt":"2014-11-12T19:06:27","guid":{"rendered":"http:\/\/blog.die-aktive.de\/?p=11582"},"modified":"2014-11-12T20:06:27","modified_gmt":"2014-11-12T19:06:27","slug":"durchfuehrung-regelmaessiger-kontrollen-des-ruhenden-verkehrs","status":"publish","type":"post","link":"http:\/\/blog.die-aktive.de\/?p=11582","title":{"rendered":"Durchf\u00fchrung regelm\u00e4\u00dfiger Kontrollen des ruhenden Verkehrs"},"content":{"rendered":"<p><strong>Ausschuss f\u00fcr Bildung, Familie, Jugend und Sport am 25.11.2014<\/strong><br \/>\n<strong> Durchf\u00fchrung regelm\u00e4\u00dfiger Kontrollen des ruhenden Verkehrs<\/strong><\/p>\n<p>Sehr geehrter Herr Wagemann,<br \/>\nf\u00fcr die Sitzung des Ausschusses f\u00fcr Bildung, Jugend und Sport am 25.11.2014 beantragt die Ratsfraktion Die Aktive folgenden Punkt auf die Tagesordnung zu nehmen:<\/p>\n<p>Beschlussvorschlag:<br \/>\nDer Ausschuss m\u00f6ge beschlie\u00dfen, die Verwaltung mit der Durchf\u00fchrung regelm\u00e4\u00dfiger Kontrollen des ruhenden Verkehrs im Bereich von Grundschulen und Kindertagesst\u00e4tten zu beauftragen.<\/p>\n<p>Sachdarstellung\/Begr\u00fcndung:<br \/>\nDie Situation in den Morgenstunden vor den Grundschulen und Kindertagesst\u00e4tten hat sich in der Vergangenheit immer mehr versch\u00e4rft. Zahlreiche Eltern halten sich nicht an die ausgewiesenen Halteverbote und gef\u00e4hrden damit ihre eigenen Kinder und die Kinder anderer.<br \/>\nTrotz wiederholter Aktionen seitens der Schulen und Kitas mit dem Ziel, die Eltern \u00fcber die Gefahren des Falschparkens aufzukl\u00e4ren, ist eher eine steigende Tendenz der Verst\u00f6\u00dfe erkennbar.<\/p>\n<p>Mit freundlichen Gr\u00fc\u00dfen<br \/>\n<img decoding=\"async\" alt=\"Unterschrift_Jutta_Goebel\" src=\"http:\/\/blog.die-aktive.de\/wp-content\/uploads\/2014\/11\/Unterschrift_Jutta_Goebel.png\" border=\"0\" \/><br \/>\nJutta Goebel<br \/>\nStellv. Fraktionsvorsitzende<br \/>\nFraktion Die Aktive<\/p>\n","protected":false},"excerpt":{"rendered":"<p>Ausschuss f\u00fcr Bildung, Familie, Jugend und Sport am 25.11.2014 Durchf\u00fchrung regelm\u00e4\u00dfiger Kontrollen des ruhenden Verkehrs Sehr geehrter Herr Wagemann, f\u00fcr die Sitzung des Ausschusses f\u00fcr Bildung, Jugend und Sport am 25.11.2014 beantragt die Ratsfraktion Die Aktive folgenden Punkt auf die &hellip; <a href=\"http:\/\/blog.die-aktive.de\/?p=11582\">Weiterlesen <span class=\"meta-nav\">&rarr;<\/span><\/a><\/p>\n","protected":false},"author":5,"featured_media":0,"comment_status":"closed","ping_status":"closed","sticky":false,"template":"","format":"standard","meta":[],"categories":[24,44,40],"tags":[],"_links":{"self":[{"href":"http:\/\/blog.die-aktive.de\/index.php?rest_route=\/wp\/v2\/posts\/11582"}],"collection":[{"href":"http:\/\/blog.die-aktive.de\/index.php?rest_route=\/wp\/v2\/posts"}],"about":[{"href":"http:\/\/blog.die-aktive.de\/index.php?rest_route=\/wp\/v2\/types\/post"}],"author":[{"embeddable":true,"href":"http:\/\/blog.die-aktive.de\/index.php?rest_route=\/wp\/v2\/users\/5"}],"replies":[{"embeddable":true,"href":"http:\/\/blog.die-aktive.de\/index.php?rest_route=%2Fwp%2Fv2%2Fcomments&post=11582"}],"version-history":[{"count":1,"href":"http:\/\/blog.die-aktive.de\/index.php?rest_route=\/wp\/v2\/posts\/11582\/revisions"}],"predecessor-version":[{"id":11584,"href":"http:\/\/blog.die-aktive.de\/index.php?rest_route=\/wp\/v2\/posts\/11582\/revisions\/11584"}],"wp:attachment":[{"href":"http:\/\/blog.die-aktive.de\/index.php?rest_route=%2Fwp%2Fv2%2Fmedia&parent=11582"}],"wp:term":[{"taxonomy":"category","embeddable":true,"href":"http:\/\/blog.die-aktive.de\/index.php?rest_route=%2Fwp%2Fv2%2Fcategories&post=11582"},{"taxonomy":"post_tag","embeddable":true,"href":"http:\/\/blog.die-aktive.de\/index.php?rest_route=%2Fwp%2Fv2%2Ftags&post=11582"}],"curies":[{"name":"wp","href":"https:\/\/api.w.org\/{rel}","templated":true}]}}